{"id":5217,"date":"2026-05-01T15:59:11","date_gmt":"2026-05-01T15:59:11","guid":{"rendered":"https:\/\/odakhaber.site\/?p=5217"},"modified":"2026-05-01T15:59:11","modified_gmt":"2026-05-01T15:59:11","slug":"cambridge-universitesinden-iklim-alarmi-yunanistanin-kar-rezervleri-eriyip-gidiyor","status":"publish","type":"post","link":"https:\/\/odakhaber.site\/?p=5217","title":{"rendered":"Cambridge \u00dcniversitesi&#8217;nden \u0130klim Alarm\u0131: Yunanistan&#8217;\u0131n Kar Rezervleri Eriyip Gidiyor"},"content":{"rendered":"\n<p>D\u00fcnya genelinde artan ya\u015fam maliyetleri ve ekonomik kayg\u0131lar g\u00fcndemi me\u015fgul etse de, gezegenin gelece\u011fini tehdit eden iklim krizi sessiz ama y\u0131k\u0131c\u0131 etkilerini s\u00fcrd\u00fcr\u00fcyor. Cambridge \u00dcniversitesi ara\u015ft\u0131rmac\u0131lar\u0131 taraf\u0131ndan yap\u0131lan yeni bir \u00e7al\u0131\u015fma, Yunanistan da\u011flar\u0131ndaki kar \u00f6rt\u00fcs\u00fcn\u00fcn dramatik bir h\u0131zla yok oldu\u011funu ortaya koydu.<\/p>\n\n\n\n<hr class=\"wp-block-separator has-alpha-channel-opacity\"\/>\n\n\n\n<h3 class=\"wp-block-heading\">Kar \u00d6rt\u00fcs\u00fcnde %58&#8217;lik B\u00fcy\u00fck Kay\u0131p<\/h3>\n\n\n\n<p><em>The Cryosphere<\/em> dergisinde yay\u0131mlanan kapsaml\u0131 ara\u015ft\u0131rmaya g\u00f6re, Yunanistan\u2019daki da\u011fl\u0131k b\u00f6lgelerde kar \u00f6rt\u00fcs\u00fc son <strong>40 y\u0131l i\u00e7inde y\u00fczde 58 oran\u0131nda<\/strong> azald\u0131. Uydu g\u00f6r\u00fcnt\u00fcleri ve yapay zeka destekli analizlerle desteklenen bu veri, b\u00f6lgedeki ekolojik dengenin ne denli b\u00fcy\u00fck bir tehdit alt\u0131nda oldu\u011funu kan\u0131tl\u0131yor. Bilim insanlar\u0131, bu keskin d\u00fc\u015f\u00fc\u015f\u00fcn arkas\u0131ndaki ana fakt\u00f6r\u00fcn h\u0131zla y\u00fckselen k\u00fcresel s\u0131cakl\u0131klar oldu\u011funu belirtiyor.<\/p>\n\n\n\n<hr class=\"wp-block-separator has-alpha-channel-opacity\"\/>\n\n\n\n<h3 class=\"wp-block-heading\">Do\u011fal Su Deposu Yok Oluyor<\/h3>\n\n\n\n<p>\u00c7al\u0131\u015fman\u0131n ba\u015f yazar\u0131 <strong>Konstantinos Alexopoulos<\/strong>, kar\u0131n ekosistem \u00fczerindeki kritik i\u015flevini \u015fu s\u00f6zlerle a\u00e7\u0131kl\u0131yor:<\/p>\n\n\n\n<blockquote class=\"wp-block-quote is-layout-flow wp-block-quote-is-layout-flow\">\n<p>\u201cKar, do\u011fal bir rezervuar gibidir. Paray\u0131 birikime koymak gibi; hemen harcamak yerine zamanla de\u011fer kazan\u0131r.\u201d<\/p>\n<\/blockquote>\n\n\n\n<p>Kar\u0131n yava\u015f\u00e7a eriyerek yaz aylar\u0131nda nehirleri, g\u00f6lleri ve yeralt\u0131 sular\u0131n\u0131 besledi\u011fini vurgulayan Alexopoulos; bu s\u00fcrecin tar\u0131m, hidroelektrik \u00fcretimi ve i\u00e7me suyu ihtiyac\u0131 i\u00e7in hayati bir \u00f6nem ta\u015f\u0131d\u0131\u011f\u0131na dikkat \u00e7ekiyor. Kar\u0131n yok olmas\u0131, bu do\u011fal &#8220;birikim hesab\u0131n\u0131n&#8221; iflas etmesi anlam\u0131na geliyor.<\/p>\n\n\n\n<hr class=\"wp-block-separator has-alpha-channel-opacity\"\/>\n\n\n\n<h3 class=\"wp-block-heading\">Kar Sezonu Daral\u0131yor: Ya\u011fmur Kara Galip Geliyor<\/h3>\n\n\n\n<p>Ara\u015ft\u0131rman\u0131n sonu\u00e7lar\u0131 sadece miktardaki azalmay\u0131 de\u011fil, s\u00fcredeki daralmay\u0131 da g\u00f6zler \u00f6n\u00fcne seriyor. Y\u00fcksek s\u0131cakl\u0131klar nedeniyle kar sezonu hem ge\u00e7 ba\u015fl\u0131yor hem de normalden \u00e7ok daha erken sona eriyor.<\/p>\n\n\n\n<p>Ara\u015ft\u0131rman\u0131n ortak yazarlar\u0131ndan <strong>Prof. Ian Willis<\/strong>, s\u0131cakl\u0131k art\u0131\u015f\u0131n\u0131n ya\u011f\u0131\u015f\u0131n do\u011fas\u0131n\u0131 nas\u0131l de\u011fi\u015ftirdi\u011fini \u015fu ifadelerle vurguluyor:<\/p>\n\n\n\n<blockquote class=\"wp-block-quote is-layout-flow wp-block-quote-is-layout-flow\">\n<p>\u201cS\u0131cakl\u0131k artt\u0131k\u00e7a ya\u011f\u0131\u015f\u0131n kar yerine ya\u011fmur olarak d\u00fc\u015fme ihtimali art\u0131yor. Biriken kar da daha h\u0131zl\u0131 eriyor.\u201d<\/p>\n<\/blockquote>\n\n\n\n<hr class=\"wp-block-separator has-alpha-channel-opacity\"\/>\n\n\n\n<h3 class=\"wp-block-heading\">Yunanistan ve B\u00f6lgesel Riskler<\/h3>\n\n\n\n<p>Akdeniz havzas\u0131nda yer alan Yunanistan, iklim krizinden en sert etkilenen \u00fclkelerin ba\u015f\u0131nda geliyor. K\u0131\u015f s\u0131cakl\u0131klar\u0131n\u0131n nadiren s\u0131f\u0131r\u0131n alt\u0131na d\u00fc\u015fmesi, kar\u0131n koruyucu etkisini ortadan kald\u0131r\u0131rken; kurakl\u0131k riskini zirveye ta\u015f\u0131yor. Bilim insanlar\u0131 uyard\u0131:<\/p>\n\n\n\n<ul class=\"wp-block-list\">\n<li><strong>Su Krizi:<\/strong> Tar\u0131m ve g\u00fcnl\u00fck t\u00fcketim i\u00e7in gerekli su kaynaklar\u0131 kuruma noktas\u0131na gelebilir.<\/li>\n\n\n\n<li><strong>Ekonomik Darbe:<\/strong> Kar eksikli\u011fi nedeniyle kayak turizmi gibi ekonomik faaliyetler b\u00fcy\u00fck zarar g\u00f6rebilir.<\/li>\n\n\n\n<li><strong>\u00d6l\u00e7\u00fcm Zorlu\u011fu:<\/strong> D\u00fcnya genelindeki bir\u00e7ok da\u011fl\u0131k b\u00f6lgede yeterli istasyon bulunmamas\u0131 analizi zorla\u015ft\u0131rsa da, Cambridge ekibinin geli\u015ftirdi\u011fi yeni model yerel veri olmadan da g\u00fcvenilir analizler yap\u0131lmas\u0131na imkan tan\u0131yor.<\/li>\n<\/ul>\n\n\n\n<p>Bu endi\u015fe verici tablo, iklim de\u011fi\u015fikli\u011finin sadece teorik bir tart\u0131\u015fma de\u011fil, do\u011frudan su kaynaklar\u0131m\u0131z\u0131 ve ekonomimizi vuran somut bir kriz oldu\u011funu bir kez daha kan\u0131tl\u0131yor.<\/p>\n\n\n\n<p><a href=\"https:\/\/www.cumhuriyet.com.tr\/dunya\/cambridge-li-bilim-insanlarindan-endise-verici-kesif-yunanistan-daglarindaki-kar-ortusu-hizla-yok-oluyor-2500150\">https:\/\/www.cumhuriyet.com.tr\/dunya\/cambridge-li-bilim-insanlarindan-endise-verici-kesif-yunanistan-daglarindaki-kar-ortusu-hizla-yok-oluyor-2500150<\/a><\/p>\n","protected":false},"excerpt":{"rendered":"<p>D\u00fcnya genelinde artan ya\u015fam maliyetleri ve ekonomik kayg\u0131lar g\u00fcndemi me\u015fgul etse de, gezegenin gelece\u011fini tehdit eden iklim krizi sessiz ama y\u0131k\u0131c\u0131 etkilerini s\u00fcrd\u00fcr\u00fcyor. Cambridge \u00dcniversitesi ara\u015ft\u0131rmac\u0131lar\u0131 taraf\u0131ndan yap\u0131lan yeni bir \u00e7al\u0131\u015fma, Yunanistan da\u011flar\u0131ndaki kar \u00f6rt\u00fcs\u00fcn\u00fcn dramatik bir h\u0131zla yok oldu\u011funu ortaya koydu. Kar \u00d6rt\u00fcs\u00fcnde %58&#8217;lik B\u00fcy\u00fck Kay\u0131p The Cryosphere dergisinde yay\u0131mlanan kapsaml\u0131 ara\u015ft\u0131rmaya g\u00f6re, Yunanistan\u2019daki [&hellip;]<\/p>\n","protected":false},"author":5,"featured_media":5218,"comment_status":"open","ping_status":"open","sticky":false,"template":"","format":"standard","meta":{"_jetpack_memberships_contains_paid_content":false,"footnotes":""},"categories":[37],"tags":[],"class_list":["post-5217","post","type-post","status-publish","format-standard","has-post-thumbnail","hentry","category-dunya-haberleri"],"jetpack_featured_media_url":"https:\/\/odakhaber.site\/wp-content\/uploads\/2026\/05\/e36641e4-0de0-499d-9e13-d15369b78e43.webp","jetpack_sharing_enabled":true,"_links":{"self":[{"href":"https:\/\/odakhaber.site\/index.php?rest_route=\/wp\/v2\/posts\/5217","targetHints":{"allow":["GET"]}}],"collection":[{"href":"https:\/\/odakhaber.site\/index.php?rest_route=\/wp\/v2\/posts"}],"about":[{"href":"https:\/\/odakhaber.site\/index.php?rest_route=\/wp\/v2\/types\/post"}],"author":[{"embeddable":true,"href":"https:\/\/odakhaber.site\/index.php?rest_route=\/wp\/v2\/users\/5"}],"replies":[{"embeddable":true,"href":"https:\/\/odakhaber.site\/index.php?rest_route=%2Fwp%2Fv2%2Fcomments&post=5217"}],"version-history":[{"count":1,"href":"https:\/\/odakhaber.site\/index.php?rest_route=\/wp\/v2\/posts\/5217\/revisions"}],"predecessor-version":[{"id":5219,"href":"https:\/\/odakhaber.site\/index.php?rest_route=\/wp\/v2\/posts\/5217\/revisions\/5219"}],"wp:featuredmedia":[{"embeddable":true,"href":"https:\/\/odakhaber.site\/index.php?rest_route=\/wp\/v2\/media\/5218"}],"wp:attachment":[{"href":"https:\/\/odakhaber.site\/index.php?rest_route=%2Fwp%2Fv2%2Fmedia&parent=5217"}],"wp:term":[{"taxonomy":"category","embeddable":true,"href":"https:\/\/odakhaber.site\/index.php?rest_route=%2Fwp%2Fv2%2Fcategories&post=5217"},{"taxonomy":"post_tag","embeddable":true,"href":"https:\/\/odakhaber.site\/index.php?rest_route=%2Fwp%2Fv2%2Ftags&post=5217"}],"curies":[{"name":"wp","href":"https:\/\/api.w.org\/{rel}","templated":true}]}}