{"id":5224,"date":"2026-05-01T18:50:09","date_gmt":"2026-05-01T18:50:09","guid":{"rendered":"https:\/\/odakhaber.site\/?p=5224"},"modified":"2026-05-01T18:50:09","modified_gmt":"2026-05-01T18:50:09","slug":"ekolojik-tasarimda-yeni-bir-cag-italyan-gollerinde-gorunmez-sehirlesme-modeli","status":"publish","type":"post","link":"https:\/\/odakhaber.site\/?p=5224","title":{"rendered":"Ekolojik Tasar\u0131mda Yeni Bir \u00c7a\u011f: \u0130talyan G\u00f6llerinde \u201cG\u00f6r\u00fcnmez\u201d \u015eehirle\u015fme Modeli"},"content":{"rendered":"\n<figure class=\"wp-block-image\"><img decoding=\"async\" src=\"https:\/\/mavimanset.com\/wp-content\/uploads\/2026\/05\/sehirjpg-f6Fl0JpBX0iYTcMX97eTjw.webp\" alt=\"\"\/><\/figure>\n\n\n\n<p>\u0130talya\u2019n\u0131n ikonik Como G\u00f6l\u00fc \u00fczerinde, \u00e7evresiyle tamamen b\u00fct\u00fcnle\u015fen ve \u201cg\u00f6r\u00fcnmez\u201d olarak nitelendirilen s\u0131ra d\u0131\u015f\u0131 bir ada konsepti geli\u015ftirildi. \u015eu an i\u00e7in dijital tasar\u0131m a\u015famas\u0131nda olan proje; mimari yap\u0131lar\u0131n do\u011fal \u00e7evreyi domine etmek yerine, onunla organik bir uyum i\u00e7inde var olmas\u0131 gerekti\u011fi fikrine dayan\u0131yor.<\/p>\n\n\n\n<h3 class=\"wp-block-heading\"><strong>Manzarayla Kayna\u015fan Minimalist Yakla\u015f\u0131m<\/strong><\/h3>\n\n\n\n<p>Uluslararas\u0131 bir tasar\u0131m ve mimari platformu taraf\u0131ndan kurgulanan bu \u00e7al\u0131\u015fma; b\u00f6lgenin hassas yap\u0131s\u0131n\u0131 ve da\u011fl\u0131k siluetini bozmadan, \u00e7evreye \u201cdayat\u0131lmayan\u201d bir ya\u015fam alan\u0131 yaratmay\u0131 hedefliyor. Haz\u0131rlanan 3D g\u00f6rselle\u015ftirme ve animasyon \u00e7al\u0131\u015fmalar\u0131, tasarlanan adan\u0131n g\u00f6l manzaras\u0131 i\u00e7erisinde nas\u0131l \u201ckayboldu\u011funu\u201d ve do\u011fan\u0131n bir par\u00e7as\u0131 haline geldi\u011fini g\u00f6zler \u00f6n\u00fcne seriyor. Projenin temel amac\u0131, \u00e7evreye ek bir y\u00fck bindirmeden, ekolojik dengeyi mimari estetikle minimal bir \u00e7izgide birle\u015ftirmek.<\/p>\n\n\n\n<h3 class=\"wp-block-heading\"><strong>Geleneksel Mimaride Alternatif Bir Bak\u0131\u015f<\/strong><\/h3>\n\n\n\n<p>Tasar\u0131mc\u0131lar, g\u00f6l\u00fcn do\u011fal yap\u0131s\u0131n\u0131 korumak ad\u0131na at\u0131lacak en b\u00fcy\u00fck ad\u0131m\u0131n \u201cg\u00f6r\u00fcnmezlik\u201d ilkesinden ge\u00e7ti\u011fini savunuyor. Geleneksel yap\u0131 anlay\u0131\u015f\u0131na alternatif olarak kurgulanan bu ya\u015fam alan\u0131, \u0130talya\u2019n\u0131n hassas co\u011frafyas\u0131yla modern mimarinin nas\u0131l bir etkile\u015fime girebilece\u011fine dair nitelikli bir tart\u0131\u015fma zemini sunuyor. G\u00f6rsellerdeki tasar\u0131m\u0131n, do\u011fan\u0131n i\u00e7inde bir yabanc\u0131 gibi durmak yerine, g\u00f6l\u00fcn yans\u0131mas\u0131yla b\u00fct\u00fcnle\u015ferek estetik bir sadelik vadetti\u011fi dikkat \u00e7ekiyor.<\/p>\n\n\n\n<h3 class=\"wp-block-heading\"><strong>Dijital D\u00fcnyada Mimari Tart\u0131\u015fma<\/strong><\/h3>\n\n\n\n<p>Konseptin dijital platformlarda payla\u015f\u0131lmas\u0131, mimari \u00e7evrelerde geni\u015f bir yank\u0131 uyand\u0131rd\u0131. Tasar\u0131m\u0131 \u201cdahiyane bir mimari yakla\u015f\u0131m\u201d olarak nitelendirerek estetik bir devrim olarak g\u00f6renlerin yan\u0131 s\u0131ra, do\u011fal alanlar \u00fczerindeki potansiyel yap\u0131la\u015fma ihtimaline kar\u015f\u0131 temkinli yakla\u015fanlar da bulunuyor. Ancak tart\u0131\u015fmalar\u0131n oda\u011f\u0131nda, teknolojinin sundu\u011fu dijital olanaklar\u0131n, fiziksel d\u00fcnyay\u0131 korumak i\u00e7in bir \u201calternatif d\u00fc\u015f\u00fcnme bi\u00e7imi\u201d olarak nas\u0131l kullan\u0131labilece\u011fi sorusu yer al\u0131yor.<\/p>\n\n\n\n<p>KARDE\u015e HABER <\/p>\n\n\n\n<figure class=\"wp-block-embed is-type-wp-embed is-provider-mavi-man-et wp-block-embed-mavi-man-et\"><div class=\"wp-block-embed__wrapper\">\n<blockquote class=\"wp-embedded-content\" data-secret=\"07B7jzBi9Z\"><a href=\"https:\/\/mavimanset.com\/2026\/05\/01\/ekolojik-tasarimda-yeni-bir-cag-italyan-gollerinde-gorunmez-sehirlesme-modeli\/\">Ekolojik Tasar\u0131mda Yeni Bir \u00c7a\u011f: \u0130talyan G\u00f6llerinde &#8220;G\u00f6r\u00fcnmez&#8221; \u015eehirle\u015fme Modeli<\/a><\/blockquote><iframe loading=\"lazy\" class=\"wp-embedded-content\" sandbox=\"allow-scripts\" security=\"restricted\" style=\"position: absolute; visibility: hidden;\" title=\"&#8220;Ekolojik Tasar\u0131mda Yeni Bir \u00c7a\u011f: \u0130talyan G\u00f6llerinde &#8220;G\u00f6r\u00fcnmez&#8221; \u015eehirle\u015fme Modeli&#8221; &#8212; Mavi Man\u015fet\" src=\"https:\/\/mavimanset.com\/2026\/05\/01\/ekolojik-tasarimda-yeni-bir-cag-italyan-gollerinde-gorunmez-sehirlesme-modeli\/embed\/#?secret=KrV1Kg6pgu#?secret=07B7jzBi9Z\" data-secret=\"07B7jzBi9Z\" width=\"600\" height=\"338\" frameborder=\"0\" marginwidth=\"0\" marginheight=\"0\" scrolling=\"no\"><\/iframe>\n<\/div><\/figure>\n","protected":false},"excerpt":{"rendered":"<p>\u0130talya\u2019n\u0131n ikonik Como G\u00f6l\u00fc \u00fczerinde, \u00e7evresiyle tamamen b\u00fct\u00fcnle\u015fen ve \u201cg\u00f6r\u00fcnmez\u201d olarak nitelendirilen s\u0131ra d\u0131\u015f\u0131 bir ada konsepti geli\u015ftirildi. \u015eu an i\u00e7in dijital tasar\u0131m a\u015famas\u0131nda olan proje; mimari yap\u0131lar\u0131n do\u011fal \u00e7evreyi domine etmek yerine, onunla organik bir uyum i\u00e7inde var olmas\u0131 gerekti\u011fi fikrine dayan\u0131yor. Manzarayla Kayna\u015fan Minimalist Yakla\u015f\u0131m Uluslararas\u0131 bir tasar\u0131m ve mimari platformu taraf\u0131ndan kurgulanan [&hellip;]<\/p>\n","protected":false},"author":5,"featured_media":5225,"comment_status":"open","ping_status":"open","sticky":false,"template":"","format":"standard","meta":{"_jetpack_memberships_contains_paid_content":false,"footnotes":""},"categories":[37],"tags":[],"class_list":["post-5224","post","type-post","status-publish","format-standard","has-post-thumbnail","hentry","category-dunya-haberleri"],"jetpack_featured_media_url":"https:\/\/odakhaber.site\/wp-content\/uploads\/2026\/05\/sehirjpg-f6Fl0JpBX0iYTcMX97eTjw.webp","jetpack_sharing_enabled":true,"_links":{"self":[{"href":"https:\/\/odakhaber.site\/index.php?rest_route=\/wp\/v2\/posts\/5224","targetHints":{"allow":["GET"]}}],"collection":[{"href":"https:\/\/odakhaber.site\/index.php?rest_route=\/wp\/v2\/posts"}],"about":[{"href":"https:\/\/odakhaber.site\/index.php?rest_route=\/wp\/v2\/types\/post"}],"author":[{"embeddable":true,"href":"https:\/\/odakhaber.site\/index.php?rest_route=\/wp\/v2\/users\/5"}],"replies":[{"embeddable":true,"href":"https:\/\/odakhaber.site\/index.php?rest_route=%2Fwp%2Fv2%2Fcomments&post=5224"}],"version-history":[{"count":1,"href":"https:\/\/odakhaber.site\/index.php?rest_route=\/wp\/v2\/posts\/5224\/revisions"}],"predecessor-version":[{"id":5226,"href":"https:\/\/odakhaber.site\/index.php?rest_route=\/wp\/v2\/posts\/5224\/revisions\/5226"}],"wp:featuredmedia":[{"embeddable":true,"href":"https:\/\/odakhaber.site\/index.php?rest_route=\/wp\/v2\/media\/5225"}],"wp:attachment":[{"href":"https:\/\/odakhaber.site\/index.php?rest_route=%2Fwp%2Fv2%2Fmedia&parent=5224"}],"wp:term":[{"taxonomy":"category","embeddable":true,"href":"https:\/\/odakhaber.site\/index.php?rest_route=%2Fwp%2Fv2%2Fcategories&post=5224"},{"taxonomy":"post_tag","embeddable":true,"href":"https:\/\/odakhaber.site\/index.php?rest_route=%2Fwp%2Fv2%2Ftags&post=5224"}],"curies":[{"name":"wp","href":"https:\/\/api.w.org\/{rel}","templated":true}]}}